{"id":13493,"date":"2022-10-05T17:39:04","date_gmt":"2022-10-05T15:39:04","guid":{"rendered":"http:\/\/staging.orchidee.de\/?p=13493"},"modified":"2023-07-30T23:46:24","modified_gmt":"2023-07-30T21:46:24","slug":"restrepia-lansbergii","status":"publish","type":"post","link":"https:\/\/orchidee.de\/en\/restrepia-lansbergii\/","title":{"rendered":"Restrepia lansbergii"},"content":{"rendered":"<section class=\"l-section wpb_row us_custom_326de118 height_medium\"><div class=\"l-section-h i-cf\"><div class=\"g-cols vc_row via_grid cols_1 laptops-cols_inherit tablets-cols_inherit mobiles-cols_1 valign_top type_default stacking_default\"><div class=\"wpb_column vc_column_container\"><div class=\"vc_column-inner\"><div class=\"wpb_text_column us_custom_e939c30a\"><div class=\"wpb_wrapper\"><h1><em>Restrepia lansbergii<\/em><\/h1>\n<\/div><\/div><\/div><\/div><\/div><\/div><\/section><section class=\"l-section wpb_row height_medium\"><div class=\"l-section-h i-cf\"><div class=\"g-cols vc_row via_grid cols_2 laptops-cols_inherit tablets-cols_inherit mobiles-cols_1 valign_middle type_default reversed stacking_default\"><div class=\"wpb_column vc_column_container\"><div class=\"vc_column-inner\"><div class=\"w-image align_none\"><div class=\"w-image-h\"><img loading=\"lazy\" decoding=\"async\" width=\"1024\" height=\"683\" src=\"https:\/\/orchidee.de\/wp-content\/uploads\/Restrepia-lansbergii_01-1024x683.jpg\" class=\"attachment-large size-large\" alt=\"Restrepia lansbergii\" srcset=\"https:\/\/orchidee.de\/wp-content\/uploads\/Restrepia-lansbergii_01-1024x683.jpg 1024w, https:\/\/orchidee.de\/wp-content\/uploads\/Restrepia-lansbergii_01-320x213.jpg 320w, https:\/\/orchidee.de\/wp-content\/uploads\/Restrepia-lansbergii_01-391x260.jpg 391w, https:\/\/orchidee.de\/wp-content\/uploads\/Restrepia-lansbergii_01-600x400.jpg 600w, https:\/\/orchidee.de\/wp-content\/uploads\/Restrepia-lansbergii_01-1536x1025.jpg 1536w, https:\/\/orchidee.de\/wp-content\/uploads\/Restrepia-lansbergii_01-640x427.jpg 640w, https:\/\/orchidee.de\/wp-content\/uploads\/Restrepia-lansbergii_01-540x360.jpg 540w\" sizes=\"auto, (max-width: 1024px) 100vw, 1024px\" \/><\/div><\/div><div class=\"wpb_text_column us_custom_c7a522c8 has_text_color\"><div class=\"wpb_wrapper\"><p style=\"text-align: center;\"><em>Restrepia lansbergii<\/em> &#8211; Einzelbl\u00fcte<br \/>\n(Foto: Thomas Jacob)<\/p>\n<\/div><\/div><\/div><\/div><div class=\"wpb_column vc_column_container\"><div class=\"vc_column-inner\">[vc_wp_text]\n<table>\n<tbody>\n<tr>\n<th>Autor\/in:<\/th>\n<td>Thomas Jacob<\/td>\n<\/tr>\n<tr>\n<th>Ver\u00f6ffentlicht:<\/th>\n<td>14.03.2022<\/td>\n<\/tr>\n<\/tbody>\n<\/table>\n[\/vc_wp_text]<\/div><\/div><\/div><\/div><\/section><section class=\"l-section wpb_row height_medium\"><div class=\"l-section-h i-cf\"><div class=\"g-cols vc_row via_grid cols_2 laptops-cols_inherit tablets-cols_inherit mobiles-cols_1 valign_middle type_default stacking_default\"><div class=\"wpb_column vc_column_container\"><div class=\"vc_column-inner\"><div class=\"wpb_text_column\"><div class=\"wpb_wrapper\"><p><em>Restrepia lansbergii<\/em> wurde 1854 von Heinrich Gustav Reichenbach und einem Kollegen in \u201cBonplandia\u201d erstmalig beschrieben. Mit dem Artnamen <em>lansbergii<\/em> ehrten sie einen niederl\u00e4ndischen Pflanzensammler, der zur damaligen Zeit zahlreiche Expeditionen nach Venezuela unternahm. Der Gattungsname <em>Restrepia<\/em> geht auf den kolumbianischen Orchideenforscher Jos\u00e9 Manuel RESTREPO V\u00c9LEZ zur\u00fcck, der als erster die Geschichte der antioquischen Anden erforschte. Die Gattung z\u00e4hlt zu den Pleurothallidinae, zu denen auch <em>Dracula<\/em>, <em>Lepanthes<\/em>, <em>Platystele<\/em> und einige andere Gattungen der Familie der Orchidaceae geh\u00f6ren.<\/p>\n<p>Das nat\u00fcrliche Verbreitungsgebiet der Art erstreckt sich von Venezuela \u00fcber Peru bis nach Ecuador. <em>Restrepia lansbergii<\/em> w\u00e4chst dort epiphytisch auf B\u00e4umen, durch deren Laub sie vor zu starker Sonneneinstrahlung gesch\u00fctzt ist. Wegen der teilweise hoch gelegenen Standorte von 700 bis 3000 Metern \u00fcber dem Meeresspiegel sind die klimatischen Bedingungen eher im k\u00fchlen Bereich, wobei an den niedrig gelegenen Standorten durchaus auch temperiert-warme Temperaturbedingungen herrschen k\u00f6nnen. Niederschl\u00e4ge gibt es das ganze Jahr hindurch, sodass das Habitat niemals austrocknet. Auch die Luftfeuchtigkeit ist ganzj\u00e4hrig sehr hoch.<\/p>\n<p>Meine Pflanze habe ich seit ca. zwei Jahren. Sie stand mit meinen anderen Restrepien auf dem k\u00fchlen nordseitigen Fensterbrett im Treppenhaus. Einige andere Arten bl\u00fchten dort regelm\u00e4\u00dfig. <em>Restrepia lansbergii<\/em> wuchs zwar sehr kr\u00e4ftig und pr\u00e4chtig, wollte aber nie bl\u00fchen. Als ich zum Jahreswechsel meine Orchideenvitrine in Betrieb nahm, band ich die Pflanze zusammen mit etwas Moos auf eine gro\u00dfe Wurzel, die in der Vitrine steht. Und bereits nach einigen Wochen belohnte die Pflanze mich f\u00fcr diesen Standortwechsel mit einer Bl\u00fcte. Ob es nun die etwas h\u00f6heren Temperaturen, das l\u00e4nger andauernde und intensivere Licht oder die h\u00f6here Luftfeuchtigkeit war, die die Pflanze letztendlich zur Bl\u00fcte anregte, kann ich nicht mit Gewissheit sagen. Es zeigt aber erneut, dass es nicht den einen richtigen Weg f\u00fcr alle Orchideen gibt. Selbst innerhalb einer Gattung k\u00f6nnen die Kulturbedingungen, die zum Erfolg f\u00fchren, betr\u00e4chtlich variieren.<\/p>\n<\/div><\/div><\/div><\/div><div class=\"wpb_column vc_column_container\"><div class=\"vc_column-inner\"><div class=\"w-image align_none\"><div class=\"w-image-h\"><img loading=\"lazy\" decoding=\"async\" width=\"1024\" height=\"683\" src=\"https:\/\/orchidee.de\/wp-content\/uploads\/Restrepia-lansbergii_02-1024x683.jpg\" class=\"attachment-large size-large\" alt=\"Restrepia lansbergii\" srcset=\"https:\/\/orchidee.de\/wp-content\/uploads\/Restrepia-lansbergii_02-1024x683.jpg 1024w, https:\/\/orchidee.de\/wp-content\/uploads\/Restrepia-lansbergii_02-320x213.jpg 320w, https:\/\/orchidee.de\/wp-content\/uploads\/Restrepia-lansbergii_02-391x260.jpg 391w, https:\/\/orchidee.de\/wp-content\/uploads\/Restrepia-lansbergii_02-600x400.jpg 600w, https:\/\/orchidee.de\/wp-content\/uploads\/Restrepia-lansbergii_02-1536x1024.jpg 1536w, https:\/\/orchidee.de\/wp-content\/uploads\/Restrepia-lansbergii_02-640x427.jpg 640w, https:\/\/orchidee.de\/wp-content\/uploads\/Restrepia-lansbergii_02-540x360.jpg 540w\" sizes=\"auto, (max-width: 1024px) 100vw, 1024px\" \/><\/div><\/div><div class=\"wpb_text_column us_custom_c7a522c8 has_text_color\"><div class=\"wpb_wrapper\"><p style=\"text-align: center;\">Habitus von <em>Restrepia lansbergii<\/em><br \/>\n(Foto: Thomas Jacob)<\/p>\n<\/div><\/div><\/div><\/div><\/div><\/div><\/section><section class=\"l-section wpb_row height_medium\"><div class=\"l-section-h i-cf\"><div class=\"g-cols vc_row via_grid cols_2 laptops-cols_inherit tablets-cols_inherit mobiles-cols_1 valign_middle type_default reversed stacking_default\"><div class=\"wpb_column vc_column_container\"><div class=\"vc_column-inner\"><div class=\"w-image align_none\"><div class=\"w-image-h\"><img loading=\"lazy\" decoding=\"async\" width=\"1024\" height=\"683\" src=\"https:\/\/orchidee.de\/wp-content\/uploads\/Restrepia-lansbergii_03-1024x683.jpg\" class=\"attachment-large size-large\" alt=\"Restrepia lansbergii\" srcset=\"https:\/\/orchidee.de\/wp-content\/uploads\/Restrepia-lansbergii_03-1024x683.jpg 1024w, https:\/\/orchidee.de\/wp-content\/uploads\/Restrepia-lansbergii_03-320x213.jpg 320w, https:\/\/orchidee.de\/wp-content\/uploads\/Restrepia-lansbergii_03-391x260.jpg 391w, https:\/\/orchidee.de\/wp-content\/uploads\/Restrepia-lansbergii_03-600x400.jpg 600w, https:\/\/orchidee.de\/wp-content\/uploads\/Restrepia-lansbergii_03-1536x1024.jpg 1536w, https:\/\/orchidee.de\/wp-content\/uploads\/Restrepia-lansbergii_03-640x427.jpg 640w, https:\/\/orchidee.de\/wp-content\/uploads\/Restrepia-lansbergii_03-540x360.jpg 540w\" sizes=\"auto, (max-width: 1024px) 100vw, 1024px\" \/><\/div><\/div><div class=\"wpb_text_column us_custom_c7a522c8 has_text_color\"><div class=\"wpb_wrapper\"><p style=\"text-align: center;\">Seitenansicht der Bl\u00fcte von <em>Restrepia lansbergii<\/em><br \/>\n(Foto: Thomas Jacob)<\/p>\n<\/div><\/div><\/div><\/div><div class=\"wpb_column vc_column_container\"><div class=\"vc_column-inner\"><div class=\"wpb_text_column\"><div class=\"wpb_wrapper\"><p><em>Restrepia lansbergii<\/em> ist, wie oben schon erw\u00e4hnt, in meiner noch recht neuen Orchideenvitrine direkt auf eine gro\u00dfe Wurzel aufgebunden. Als Unterlange habe ich etwas Sphagnum-Moos unter ihre Wurzeln gelegt. Viel Arbeit macht sie mir nicht, da die Vitrine mit einer Beregnungsanlage ausgestattet ist, die tags\u00fcber im Zweistundenrhythmus einen kleinen Regen simulliert. Das erste Mal am Tag wird ordentlich gew\u00e4ssert. Auch am Nachmittag l\u00e4uft die Anlage etwas l\u00e4nger, w\u00e4hrend die restlichen \u00bbRegenphasen\u00ab nur wenige Sekunden andauern, um die Luftfeuchigkeit hoch zu halten. Ebenfalls alle zwei Stunden laufen drei PC-Ventilatoren, die am L\u00fcftungsgitter angebracht sind, damit sich die Luft in der Vitrine nicht staut. Die meisten Orchideen ben\u00f6tigen Luftbewegung und frische Luft, um gut zu gedeihen. Bei stehender Luft und hoher Luftfeuchtigkeit trocknen die Pflanzen nach dem k\u00fcnstlichen Regen nicht z\u00fcgig genug ab und k\u00f6nnen dadurch Pilze oder andere Infektionen bekommen. Gute und regelm\u00e4\u00dfige Bel\u00fcftung und Luftumw\u00e4lzung sind in einer Orchideenvitrine daher unerl\u00e4sslich. Die Beregnungsanlage arbeitet ausschlie\u00dflich mit sehr salzarmem Regenwasser, dessen Leitf\u00e4higkeit bei ca. 15 \u2013 20 \u00b5S\/cm liegt. Durch die automatische Beregnung wird eine Luftfeuchtigkeit zwischen 70 und 80% erreicht, direkt nach der Regendusche steigt sie auf \u00fcber 90%.<\/p>\n<p>Einmal im Monat werden die Pflanzen in der Vitrine etwas ged\u00fcngt. Hierf\u00fcr nehme ich ein manuelles Spr\u00fchger\u00e4t und bef\u00fcllte es mit leicht aufged\u00fcngtem Regenwasser. Die Leitf\u00e4higkeit meiner fertigen D\u00fcngermischung liegt bei ungef\u00e4hr 150 \u00b5S\/cm. Die feinen Wurzeln der aufgebundenen Miniaturorchideen reagieren oft besonders empfindlich auf D\u00fcngersalze. Deshalb sollte man das D\u00fcngerwasser nicht auf trockene Wurzeln spr\u00fchen. Damit mir das nicht passiert, d\u00fcnge ich grunds\u00e4tzlich direkt, nachdem die Beregnungsanlage alles sch\u00f6n befeuchtet hat.<\/p>\n<\/div><\/div><\/div><\/div><\/div><\/div><\/section><section class=\"l-section wpb_row height_medium\"><div class=\"l-section-h i-cf\"><div class=\"g-cols vc_row via_grid cols_2 laptops-cols_inherit tablets-cols_inherit mobiles-cols_1 valign_middle type_default stacking_default\"><div class=\"wpb_column vc_column_container\"><div class=\"vc_column-inner\"><div class=\"wpb_text_column\"><div class=\"wpb_wrapper\"><p>Beleuchtet wird die Vitrine 12 Stunden t\u00e4glich mit 3 verschiedenen Strahlern \u2013 lediglich einer davon ist eine stromsparende LED-Lampe. Die beiden anderen sind HQI-Strahler \u2013 sogenannte Metalldampflampen. Ein vierter Strahler schaltet sich \u00fcber die Mittagszeit zus\u00e4tzlich dazu, da es in der Natur ja auch nicht den ganzen Tag gleich hell ist. Die Lampen sind, wie die Beregnungsanlage auch, \u00fcber Zeitschaltuhren gesteuert, sodass ich eigentlich keine Arbeit mit den Pflanzen in der Vitrine habe, au\u00dfer das gelegentliche D\u00fcngen. Ich habe die Vitrine vor Kurzem mit der gesamten Technik \u00fcbernommen, die sich \u00fcber Jahre beim Vorbesitzer bew\u00e4hrt hat. Nat\u00fcrlich denke ich \u00fcber eine Beleuchtung mit LED-Lampen nach. Allerdings macht mir dabei die H\u00f6he der Vitrine etwas Sorgen. Der Innenraum ist \u00fcber einen Meter hoch und auch am Boden stehen einige Pflanzen. LED-Lampen sollten meines Wissens nach aber nicht weiter als 30 bis 40 cm von den Pflanzen entfernt sein, da sonst zu wenig Licht ankommt. Ich werde mich erst noch besser informieren m\u00fcssen, ehe ich eine \u00c4nderung vornehme, und euch nat\u00fcrlich davon berichten.<\/p>\n<p>Da die Vitrine in unserem Wohnzimmer steht, sind die Bedingungen eher temperiert bis warm. Im oberen Bereich habe ich am Nachmittag schon 25 \u2013 26 \u00b0C gemessen, im unteren Bereich klettert die Temperatur nicht \u00fcber 22 \u00b0C. Nachts f\u00e4llt sie dann auf ca. 18 \u2013 19 \u00b0C im oberen Teil der Vitrine und auf 17 \u00b0C im unteren. <em>Restrepia lansbergii<\/em> h\u00e4ngt eher im unteren Bereich, allerdings an einer recht hellen Stelle mit viel Licht. Auch Luftbewegung gibt es an ihrem Platz sehr viel.<\/p>\n<p><em>Restrepia lansbergii<\/em> geh\u00f6rt bestimmt nicht zu den besonders atemberaubenden Arten, was Gr\u00f6\u00dfe oder Farbe betrifft, aber das ist ok \u2013 oft liegt die Sch\u00f6nheit in den einfachen Dingen &#8230;<\/p>\n<p>Viel Erfolg beim Kultivieren!<\/p>\n<\/div><\/div><\/div><\/div><div class=\"wpb_column vc_column_container\"><div class=\"vc_column-inner\"><div class=\"w-image align_none\"><div class=\"w-image-h\"><img loading=\"lazy\" decoding=\"async\" width=\"1024\" height=\"683\" src=\"https:\/\/orchidee.de\/wp-content\/uploads\/Restrepia-lansbergii_04-1024x683.jpg\" class=\"attachment-large size-large\" alt=\"Restrepia lansbergii\" srcset=\"https:\/\/orchidee.de\/wp-content\/uploads\/Restrepia-lansbergii_04-1024x683.jpg 1024w, https:\/\/orchidee.de\/wp-content\/uploads\/Restrepia-lansbergii_04-320x213.jpg 320w, https:\/\/orchidee.de\/wp-content\/uploads\/Restrepia-lansbergii_04-391x260.jpg 391w, https:\/\/orchidee.de\/wp-content\/uploads\/Restrepia-lansbergii_04-600x400.jpg 600w, https:\/\/orchidee.de\/wp-content\/uploads\/Restrepia-lansbergii_04-1536x1025.jpg 1536w, https:\/\/orchidee.de\/wp-content\/uploads\/Restrepia-lansbergii_04-640x427.jpg 640w, https:\/\/orchidee.de\/wp-content\/uploads\/Restrepia-lansbergii_04-540x360.jpg 540w\" sizes=\"auto, (max-width: 1024px) 100vw, 1024px\" \/><\/div><\/div><div class=\"wpb_text_column us_custom_c7a522c8 has_text_color\"><div class=\"wpb_wrapper\"><p style=\"text-align: center;\">Gr\u00f6\u00dfenvergleich der Bl\u00fcte von <em>Restrepia lansbergii<\/em> mit meinen Fingern<br \/>\n(Foto: Thomas Jacob)<\/p>\n<\/div><\/div><\/div><\/div><\/div><\/div><\/section>\n","protected":false},"excerpt":{"rendered":"Restrepia lansbergii Restrepia lansbergii &#8211; Einzelbl\u00fcte (Foto: Thomas Jacob) [vc_wp_text] Autor\/in: Thomas Jacob Ver\u00f6ffentlicht: 14.03.2022 [\/vc_wp_text]Restrepia lansbergii wurde 1854 von Heinrich Gustav Reichenbach und einem Kollegen in \u201cBonplandia\u201d erstmalig beschrieben. Mit dem Artnamen lansbergii ehrten sie einen niederl\u00e4ndischen Pflanzensammler, der zur damaligen Zeit zahlreiche Expeditionen nach Venezuela unternahm. Der Gattungsname Restrepia geht auf den kolumbianischen...","protected":false},"author":10,"featured_media":23405,"comment_status":"closed","ping_status":"open","sticky":false,"template":"","format":"standard","meta":{"footnotes":""},"categories":[209],"tags":[],"class_list":["post-13493","post","type-post","status-publish","format-standard","has-post-thumbnail","hentry","category-orchidee-der-woche"],"_links":{"self":[{"href":"https:\/\/orchidee.de\/en\/wp-json\/wp\/v2\/posts\/13493","targetHints":{"allow":["GET"]}}],"collection":[{"href":"https:\/\/orchidee.de\/en\/wp-json\/wp\/v2\/posts"}],"about":[{"href":"https:\/\/orchidee.de\/en\/wp-json\/wp\/v2\/types\/post"}],"author":[{"embeddable":true,"href":"https:\/\/orchidee.de\/en\/wp-json\/wp\/v2\/users\/10"}],"replies":[{"embeddable":true,"href":"https:\/\/orchidee.de\/en\/wp-json\/wp\/v2\/comments?post=13493"}],"version-history":[{"count":4,"href":"https:\/\/orchidee.de\/en\/wp-json\/wp\/v2\/posts\/13493\/revisions"}],"predecessor-version":[{"id":23407,"href":"https:\/\/orchidee.de\/en\/wp-json\/wp\/v2\/posts\/13493\/revisions\/23407"}],"wp:featuredmedia":[{"embeddable":true,"href":"https:\/\/orchidee.de\/en\/wp-json\/wp\/v2\/media\/23405"}],"wp:attachment":[{"href":"https:\/\/orchidee.de\/en\/wp-json\/wp\/v2\/media?parent=13493"}],"wp:term":[{"taxonomy":"category","embeddable":true,"href":"https:\/\/orchidee.de\/en\/wp-json\/wp\/v2\/categories?post=13493"},{"taxonomy":"post_tag","embeddable":true,"href":"https:\/\/orchidee.de\/en\/wp-json\/wp\/v2\/tags?post=13493"}],"curies":[{"name":"wp","href":"https:\/\/api.w.org\/{rel}","templated":true}]}}