{"id":13473,"date":"2022-10-05T17:13:51","date_gmt":"2022-10-05T15:13:51","guid":{"rendered":"http:\/\/staging.orchidee.de\/?p=13473"},"modified":"2023-07-30T23:39:05","modified_gmt":"2023-07-30T21:39:05","slug":"restrepia-cuprea","status":"publish","type":"post","link":"https:\/\/orchidee.de\/en\/restrepia-cuprea\/","title":{"rendered":"Restrepia cuprea"},"content":{"rendered":"<section class=\"l-section wpb_row us_custom_326de118 height_medium\"><div class=\"l-section-h i-cf\"><div class=\"g-cols vc_row via_grid cols_1 laptops-cols_inherit tablets-cols_inherit mobiles-cols_1 valign_top type_default stacking_default\"><div class=\"wpb_column vc_column_container\"><div class=\"vc_column-inner\"><div class=\"wpb_text_column us_custom_e939c30a\"><div class=\"wpb_wrapper\"><h1><em>Restrepia cuprea<\/em><\/h1>\n<\/div><\/div><\/div><\/div><\/div><\/div><\/section><section class=\"l-section wpb_row height_medium\"><div class=\"l-section-h i-cf\"><div class=\"g-cols vc_row via_grid cols_2 laptops-cols_inherit tablets-cols_inherit mobiles-cols_1 valign_middle type_default reversed stacking_default\"><div class=\"wpb_column vc_column_container\"><div class=\"vc_column-inner\"><div class=\"w-image align_none\"><div class=\"w-image-h\"><img loading=\"lazy\" decoding=\"async\" width=\"1024\" height=\"797\" src=\"https:\/\/orchidee.de\/wp-content\/uploads\/Restrepia-cuprea_01-1024x797.jpg\" class=\"attachment-large size-large\" alt=\"Restrepia cuprea\" srcset=\"https:\/\/orchidee.de\/wp-content\/uploads\/Restrepia-cuprea_01-1024x797.jpg 1024w, https:\/\/orchidee.de\/wp-content\/uploads\/Restrepia-cuprea_01-320x249.jpg 320w, https:\/\/orchidee.de\/wp-content\/uploads\/Restrepia-cuprea_01-1536x1195.jpg 1536w, https:\/\/orchidee.de\/wp-content\/uploads\/Restrepia-cuprea_01-640x498.jpg 640w, https:\/\/orchidee.de\/wp-content\/uploads\/Restrepia-cuprea_01-514x400.jpg 514w\" sizes=\"auto, (max-width: 1024px) 100vw, 1024px\" \/><\/div><\/div><div class=\"wpb_text_column us_custom_c7a522c8 has_text_color\"><div class=\"wpb_wrapper\"><p style=\"text-align: center;\"><em>Restrepia cuprea<\/em> &#8211; Einzelbl\u00fcte<br \/>\n(Foto: Thomas Jacob)<\/p>\n<\/div><\/div><\/div><\/div><div class=\"wpb_column vc_column_container\"><div class=\"vc_column-inner\">[vc_wp_text]\n<table>\n<tbody>\n<tr>\n<th>Autor\/in:<\/th>\n<td>Thomas Jacob<\/td>\n<\/tr>\n<tr>\n<th>Ver\u00f6ffentlicht:<\/th>\n<td>27.12.2021<\/td>\n<\/tr>\n<\/tbody>\n<\/table>\n[\/vc_wp_text]<\/div><\/div><\/div><\/div><\/section><section class=\"l-section wpb_row height_medium\"><div class=\"l-section-h i-cf\"><div class=\"g-cols vc_row via_grid cols_2 laptops-cols_inherit tablets-cols_inherit mobiles-cols_1 valign_middle type_default stacking_default\"><div class=\"wpb_column vc_column_container\"><div class=\"vc_column-inner\"><div class=\"wpb_text_column\"><div class=\"wpb_wrapper\"><p><em>Restrepia cuprea<\/em> \u2013 die kupferfarbene <em>Restrepia<\/em> \u2013 macht ihrem Namen alle Ehre. Die Bl\u00fcten der 1996 beschriebenen Art leuchten in strahlendem Kupferrot. Der Artname <em>cuprea<\/em> leitet sich vom lateinischen Wort cuprum ab, das f\u00fcr Kupfer steht. Wie bereits in fr\u00fcheren Beitr\u00e4gen erw\u00e4hnt, geht der Gattungsname <em>Restrepia<\/em> auf den kolumbianischen Orchideenforscher Jos\u00e9 Manuel RESTREPO V\u00c9LEZ zur\u00fcck, der als Erster die Geschichte der antioquischen Anden erforschte.<\/p>\n<p>Carlyle August Luer, der Zeit seines Lebens zahlreiche Erstbeschreibungen ver\u00f6ffentlichte, und sein Kollege Rodrigo Escobar beschrieben die Art in einem Beitrag in &#8220;Orquideologia&#8221;, dem Journal der kolumbianischen Orchideen-Gesellschaft Sociedad Colombiana de Orquideolog\u00eda.<\/p>\n<p><em>Restrepia cuprea<\/em> ist heimisch an den \u00f6stlichen H\u00e4ngen der Zentralkordillere in Kolumbien. Sie w\u00e4chst dort epiphytisch in Nebelw\u00e4ldern in H\u00f6henlagen von ca. 1 600 \u2013 1 700 Metern \u00fcber dem Meeresspiegel. Die Temperaturbedingungen liegen im k\u00fchl-temperierten Bereich. Niederschl\u00e4ge gibt es das gesamte Jahr hindurch, wobei die Regentage in den Wintermonaten deutlich abnehmen. Durch die hohe Luftfeuchtigkeit trocknet das Habitat aber niemals vollst\u00e4ndig ab. Die Hauptbl\u00fctezeiten sind im Fr\u00fchling und im Herbst.<\/p>\n<p>Durch die leuchtende Farbe und ihre Gr\u00f6\u00dfe bilden die Bl\u00fcten einen starken Kontrast zum gr\u00fcnen Blattwerk und sind dadurch nicht zu \u00fcbersehen.<\/p>\n<\/div><\/div><\/div><\/div><div class=\"wpb_column vc_column_container\"><div class=\"vc_column-inner\"><div class=\"w-image align_none\"><div class=\"w-image-h\"><img loading=\"lazy\" decoding=\"async\" width=\"1024\" height=\"683\" src=\"https:\/\/orchidee.de\/wp-content\/uploads\/Restrepia-cuprea_02-1024x683.jpg\" class=\"attachment-large size-large\" alt=\"Restrepia cuprea\" srcset=\"https:\/\/orchidee.de\/wp-content\/uploads\/Restrepia-cuprea_02-1024x683.jpg 1024w, https:\/\/orchidee.de\/wp-content\/uploads\/Restrepia-cuprea_02-320x213.jpg 320w, https:\/\/orchidee.de\/wp-content\/uploads\/Restrepia-cuprea_02-391x260.jpg 391w, https:\/\/orchidee.de\/wp-content\/uploads\/Restrepia-cuprea_02-600x400.jpg 600w, https:\/\/orchidee.de\/wp-content\/uploads\/Restrepia-cuprea_02-1536x1024.jpg 1536w, https:\/\/orchidee.de\/wp-content\/uploads\/Restrepia-cuprea_02-640x427.jpg 640w, https:\/\/orchidee.de\/wp-content\/uploads\/Restrepia-cuprea_02-540x360.jpg 540w\" sizes=\"auto, (max-width: 1024px) 100vw, 1024px\" \/><\/div><\/div><div class=\"wpb_text_column us_custom_c7a522c8 has_text_color\"><div class=\"wpb_wrapper\"><p style=\"text-align: center;\">Habitus von <em>Restrepia cuprea<\/em> mit einer Bl\u00fcte und einer weiteren Knospe, die auch schon die namensgebende F\u00e4rbung zeigt.<br \/>\n(Foto: Thomas Jacob)<\/p>\n<\/div><\/div><\/div><\/div><\/div><\/div><\/section><section class=\"l-section wpb_row height_medium\"><div class=\"l-section-h i-cf\"><div class=\"g-cols vc_row via_grid cols_2 laptops-cols_inherit tablets-cols_inherit mobiles-cols_1 valign_middle type_default reversed stacking_default\"><div class=\"wpb_column vc_column_container\"><div class=\"vc_column-inner\"><div class=\"w-image align_none\"><div class=\"w-image-h\"><img loading=\"lazy\" decoding=\"async\" width=\"1024\" height=\"683\" src=\"https:\/\/orchidee.de\/wp-content\/uploads\/Restrepia-cuprea_03-1024x683.jpg\" class=\"attachment-large size-large\" alt=\"Restrepia cuprea\" srcset=\"https:\/\/orchidee.de\/wp-content\/uploads\/Restrepia-cuprea_03-1024x683.jpg 1024w, https:\/\/orchidee.de\/wp-content\/uploads\/Restrepia-cuprea_03-320x213.jpg 320w, https:\/\/orchidee.de\/wp-content\/uploads\/Restrepia-cuprea_03-391x260.jpg 391w, https:\/\/orchidee.de\/wp-content\/uploads\/Restrepia-cuprea_03-600x400.jpg 600w, https:\/\/orchidee.de\/wp-content\/uploads\/Restrepia-cuprea_03-1536x1024.jpg 1536w, https:\/\/orchidee.de\/wp-content\/uploads\/Restrepia-cuprea_03-640x427.jpg 640w, https:\/\/orchidee.de\/wp-content\/uploads\/Restrepia-cuprea_03-540x360.jpg 540w\" sizes=\"auto, (max-width: 1024px) 100vw, 1024px\" \/><\/div><\/div><div class=\"wpb_text_column us_custom_c7a522c8 has_text_color\"><div class=\"wpb_wrapper\"><p style=\"text-align: center;\">Die Bl\u00fcte von <em>Restrepia cuprea<\/em> im Gr\u00f6\u00dfenvergleich mit meinen Fingern<br \/>\n(Foto: Thomas Jacob)<\/p>\n<\/div><\/div><\/div><\/div><div class=\"wpb_column vc_column_container\"><div class=\"vc_column-inner\"><div class=\"wpb_text_column\"><div class=\"wpb_wrapper\"><p>Wie die bereits vorgestellten Restrepien, kann auch <em>Restrepia cuprea<\/em> getopft kultiviert werden. Aufgebunden ist nat\u00fcrlich ebenfalls m\u00f6glich, allerdings ist dann eine Orchideenvitirine oder ein Gew\u00e4chshaus mit h\u00f6herer Luftfeuchtigkeit zu empfehlen, damit die feinen Wurzeln nicht austrocknen.<\/p>\n<p>Bei meiner Restrepien-Kultur steht der Topf das ganze Jahr \u00fcber in einem mit Wasser gef\u00fcllten Untersetzer. Der mineralische Pflanzstoff, Lavagranulat in der K\u00f6rnung 2 \u2013 8 mm, saugt sich somit immer gleichm\u00e4\u00dfig feucht und trocknet nicht aus. Zwischen den einzelnen Substratteilchen entstehen kleine Luftr\u00e4ume, die eine gute Bel\u00fcftung der Wurzeln gew\u00e4hrleisten. Der gr\u00f6\u00dfte Vorteil von mineralischem Substrat ist, dass sich die Bestandteile nicht zersetzen, was bei Rinde oder Moos in Verbindung mit Dauerfeuchtigkeit oft schnell passiert. Getopft werden muss also erst, wenn der Topf zu klein wird. Restrepien im Allgemeinen lieben Feuchtigkeit und hassen Trockenheit, da sie keine Speicherorgane wie andere Orchideengattungen besitzen. Gelegentliches Tauchen bei Pflanzen in organischem Substrat war unter meinen Bedingungen nicht von Erfolg gekr\u00f6nt, weshalb ich inzwischen alle Pleurothallidinae auf mineralisches Substrat umgestellt habe. Bei anderen Kultivateuren funktioniert die Kultur aber auch in Rindensubstrat, Sphagnum-Moos oder \u00c4hnlichem. Schlie\u00dflich ist Kultur immer ein Zusammenspiel aus Temperatur, Licht, Luft, Wasser und Substrat.<\/p>\n<\/div><\/div><\/div><\/div><\/div><\/div><\/section><section class=\"l-section wpb_row height_medium\"><div class=\"l-section-h i-cf\"><div class=\"g-cols vc_row via_grid cols_2 laptops-cols_inherit tablets-cols_inherit mobiles-cols_1 valign_middle type_default stacking_default\"><div class=\"wpb_column vc_column_container\"><div class=\"vc_column-inner\"><div class=\"wpb_text_column\"><div class=\"wpb_wrapper\"><p>Das Gie\u00dfwasser, mit dem ich die Schale auff\u00fclle, hat eine Leitf\u00e4higkeit von ca. 150 \u00b5S\/cm. Von M\u00e4rz bis in den fr\u00fchen Herbst wird 1 \u2013 2 Mal im Monat ged\u00fcngt. Dabei d\u00fcnge ich das Wasser auf etwa 300 \u00b5S\/cm auf. Gelegentlich wird der Topf mit klarem Wasser durchgesp\u00fclt, um ein Versalzen des Pflanzstoffes zu verhindern. Tut man das nicht, reichern sich im Laufe der Zeit zu viele Salze (D\u00fcngerreste) im Topf an, die dann die feinen Wurzeln besch\u00e4digen k\u00f6nnten. Im Winter d\u00fcnge ich nicht. <em>Restrepia cuprea<\/em> steht ganzj\u00e4hrig im k\u00fchlen Treppenhaus an einem Fenster, das nach Norden ausgerichtet ist. Hier bleibt es w\u00e4hrend der hei\u00dfen Tage am k\u00fchlsten und die schattigen Lichtverh\u00e4ltnisse scheinen ihr zu gen\u00fcgen. Die n\u00e4chtlichen Temperaturen fallen dort auch mal auf 10 \u00b0C ab \u2013 je nach Au\u00dfentemperatur. W\u00e4hrend im Sommer sehr darauf geachtet werden muss, dass die Bl\u00e4tter vor direkter Sonneneinstrahlung gesch\u00fctzt sind, darf in den Wintermonaten von November bis Mitte Februar das Sonnenlicht ungehindert auf die Pflanze fallen \u2013 besonders oft scheint die Sonne im Winter ja ohnehin nicht. Ab Ende Februar\/Anfang M\u00e4rz wird die Sonnenstrahlung allerdings schon wieder so stark, dass es schnell zu Verbrennungen auf den Bl\u00e4ttern kommen kann. Diese Verbrennungen sind dauerhaft und lassen sich nicht behandeln. Aus diesem Grund muss zwingend ab Mitte Februar schattiert werden, wenn sie nicht an einem Nordfenster oder unter k\u00fcnstlichem Licht steht.<\/p>\n<p>Die ungew\u00f6hnliche Form der Bl\u00fcten mit ihrer auff\u00e4llig kupferroten F\u00e4rbung zieht alle Blicke auf sich.<\/p>\n<p>Viel Erfolg beim Kultivieren!<\/p>\n<\/div><\/div><\/div><\/div><div class=\"wpb_column vc_column_container\"><div class=\"vc_column-inner\"><div class=\"w-image align_none\"><div class=\"w-image-h\"><img loading=\"lazy\" decoding=\"async\" width=\"1024\" height=\"1024\" src=\"https:\/\/orchidee.de\/wp-content\/uploads\/Restrepia-cuprea_04-1024x1024.jpg\" class=\"attachment-large size-large\" alt=\"Restrepia cuprea\" srcset=\"https:\/\/orchidee.de\/wp-content\/uploads\/Restrepia-cuprea_04-1024x1024.jpg 1024w, https:\/\/orchidee.de\/wp-content\/uploads\/Restrepia-cuprea_04-320x320.jpg 320w, https:\/\/orchidee.de\/wp-content\/uploads\/Restrepia-cuprea_04-150x150.jpg 150w, https:\/\/orchidee.de\/wp-content\/uploads\/Restrepia-cuprea_04-300x300.jpg 300w, https:\/\/orchidee.de\/wp-content\/uploads\/Restrepia-cuprea_04-1536x1536.jpg 1536w, https:\/\/orchidee.de\/wp-content\/uploads\/Restrepia-cuprea_04-640x640.jpg 640w, https:\/\/orchidee.de\/wp-content\/uploads\/Restrepia-cuprea_04-400x400.jpg 400w, https:\/\/orchidee.de\/wp-content\/uploads\/Restrepia-cuprea_04-1000x1000.jpg 1000w\" sizes=\"auto, (max-width: 1024px) 100vw, 1024px\" \/><\/div><\/div><div class=\"wpb_text_column us_custom_c7a522c8 has_text_color\"><div class=\"wpb_wrapper\"><p style=\"text-align: center;\">Seitenansicht der kupferroten Bl\u00fcte von <em>Restrepia cuprea<\/em><br \/>\n(Foto: Thomas Jacob)<\/p>\n<\/div><\/div><\/div><\/div><\/div><\/div><\/section>\n","protected":false},"excerpt":{"rendered":"Restrepia cuprea Restrepia cuprea &#8211; Einzelbl\u00fcte (Foto: Thomas Jacob) [vc_wp_text] Autor\/in: Thomas Jacob Ver\u00f6ffentlicht: 27.12.2021 [\/vc_wp_text]Restrepia cuprea \u2013 die kupferfarbene Restrepia \u2013 macht ihrem Namen alle Ehre. Die Bl\u00fcten der 1996 beschriebenen Art leuchten in strahlendem Kupferrot. Der Artname cuprea leitet sich vom lateinischen Wort cuprum ab, das f\u00fcr Kupfer steht. Wie bereits in fr\u00fcheren...","protected":false},"author":10,"featured_media":23395,"comment_status":"closed","ping_status":"open","sticky":false,"template":"","format":"standard","meta":{"footnotes":""},"categories":[209],"tags":[],"class_list":["post-13473","post","type-post","status-publish","format-standard","has-post-thumbnail","hentry","category-orchidee-der-woche"],"_links":{"self":[{"href":"https:\/\/orchidee.de\/en\/wp-json\/wp\/v2\/posts\/13473","targetHints":{"allow":["GET"]}}],"collection":[{"href":"https:\/\/orchidee.de\/en\/wp-json\/wp\/v2\/posts"}],"about":[{"href":"https:\/\/orchidee.de\/en\/wp-json\/wp\/v2\/types\/post"}],"author":[{"embeddable":true,"href":"https:\/\/orchidee.de\/en\/wp-json\/wp\/v2\/users\/10"}],"replies":[{"embeddable":true,"href":"https:\/\/orchidee.de\/en\/wp-json\/wp\/v2\/comments?post=13473"}],"version-history":[{"count":4,"href":"https:\/\/orchidee.de\/en\/wp-json\/wp\/v2\/posts\/13473\/revisions"}],"predecessor-version":[{"id":23398,"href":"https:\/\/orchidee.de\/en\/wp-json\/wp\/v2\/posts\/13473\/revisions\/23398"}],"wp:featuredmedia":[{"embeddable":true,"href":"https:\/\/orchidee.de\/en\/wp-json\/wp\/v2\/media\/23395"}],"wp:attachment":[{"href":"https:\/\/orchidee.de\/en\/wp-json\/wp\/v2\/media?parent=13473"}],"wp:term":[{"taxonomy":"category","embeddable":true,"href":"https:\/\/orchidee.de\/en\/wp-json\/wp\/v2\/categories?post=13473"},{"taxonomy":"post_tag","embeddable":true,"href":"https:\/\/orchidee.de\/en\/wp-json\/wp\/v2\/tags?post=13473"}],"curies":[{"name":"wp","href":"https:\/\/api.w.org\/{rel}","templated":true}]}}