{"id":11045,"date":"2022-07-26T16:26:27","date_gmt":"2022-07-26T14:26:27","guid":{"rendered":"https:\/\/orchidee.de\/?p=11045"},"modified":"2023-06-19T19:05:32","modified_gmt":"2023-06-19T17:05:32","slug":"epidendrum-radicans","status":"publish","type":"post","link":"https:\/\/orchidee.de\/en\/epidendrum-radicans\/","title":{"rendered":"Epidendrum radicans"},"content":{"rendered":"<section class=\"l-section wpb_row us_custom_326de118 height_medium\"><div class=\"l-section-h i-cf\"><div class=\"g-cols vc_row via_grid cols_1 laptops-cols_inherit tablets-cols_inherit mobiles-cols_1 valign_top type_default stacking_default\"><div class=\"wpb_column vc_column_container\"><div class=\"vc_column-inner\"><div class=\"wpb_text_column us_custom_e939c30a\"><div class=\"wpb_wrapper\"><h1><em>Epidendrum radicans<\/em><\/h1>\n<\/div><\/div><\/div><\/div><\/div><\/div><\/section><section class=\"l-section wpb_row height_medium\"><div class=\"l-section-h i-cf\"><div class=\"g-cols vc_row via_grid cols_2 laptops-cols_inherit tablets-cols_inherit mobiles-cols_1 valign_middle type_default reversed stacking_default\"><div class=\"wpb_column vc_column_container\"><div class=\"vc_column-inner\"><div class=\"w-image align_none\"><div class=\"w-image-h\"><img loading=\"lazy\" decoding=\"async\" width=\"1024\" height=\"683\" src=\"https:\/\/orchidee.de\/wp-content\/uploads\/Epidendrum-radicans_01-1024x683.jpg\" class=\"attachment-large size-large\" alt=\"Epidendrum radicans\" srcset=\"https:\/\/orchidee.de\/wp-content\/uploads\/Epidendrum-radicans_01-1024x683.jpg 1024w, https:\/\/orchidee.de\/wp-content\/uploads\/Epidendrum-radicans_01-320x213.jpg 320w, https:\/\/orchidee.de\/wp-content\/uploads\/Epidendrum-radicans_01-391x260.jpg 391w, https:\/\/orchidee.de\/wp-content\/uploads\/Epidendrum-radicans_01-600x400.jpg 600w, https:\/\/orchidee.de\/wp-content\/uploads\/Epidendrum-radicans_01-1536x1024.jpg 1536w, https:\/\/orchidee.de\/wp-content\/uploads\/Epidendrum-radicans_01-640x427.jpg 640w, https:\/\/orchidee.de\/wp-content\/uploads\/Epidendrum-radicans_01-540x360.jpg 540w\" sizes=\"auto, (max-width: 1024px) 100vw, 1024px\" \/><\/div><\/div><div class=\"wpb_text_column us_custom_c7a522c8 has_text_color\"><div class=\"wpb_wrapper\"><p style=\"text-align: center;\"><em>Epidendrum radicans<\/em> &#8211; Einzelbl\u00fcte<br \/>\n(Foto: \u00a0Thomas Jacob)<\/p>\n<\/div><\/div><\/div><\/div><div class=\"wpb_column vc_column_container\"><div class=\"vc_column-inner\">[vc_wp_text]\n<table>\n<tbody>\n<tr>\n<th>Autor\/in:<\/th>\n<td>Thomas Lehmann<\/td>\n<\/tr>\n<tr>\n<th>Ver\u00f6ffentlicht:<\/th>\n<td>02.09.2019<\/td>\n<\/tr>\n<\/tbody>\n<\/table>\n[\/vc_wp_text]<\/div><\/div><\/div><\/div><\/section><section class=\"l-section wpb_row height_medium\"><div class=\"l-section-h i-cf\"><div class=\"g-cols vc_row via_grid cols_2 laptops-cols_inherit tablets-cols_inherit mobiles-cols_1 valign_middle type_default stacking_default\"><div class=\"wpb_column vc_column_container\"><div class=\"vc_column-inner\"><div class=\"wpb_text_column\"><div class=\"wpb_wrapper\"><p>In \u201eGenera and Species of Orchidaceous Plants\u201c, The. London, ver\u00f6ffentlichten John LINDLEY und Jos\u00e9 Antonio PAV\u00d3N y Jim\u00e9nez die Erstbeschreibung dieser Art. Der Gattungsname <em>Epidendrum<\/em> leitet sich aus dem Altgriechischen ab. Epi\u2013 (\u03b5\u03c0\u03b9-) bedeutet so viel wie \u201eauf\u201c, dendron (\u03b4\u03b5\u03bd\u03b4\u03c1\u03bf\u03bd) l\u00e4sst sich mit Baum \u00fcbersetzen. Die Gattung erhielt den Namen, da die allermeisten Arten epiphytisch \u2013 auf B\u00e4umen aufsitzend \u2013 wachsen.<\/p>\n<\/div><\/div><\/div><\/div><div class=\"wpb_column vc_column_container\"><div class=\"vc_column-inner\"><div class=\"w-image align_none\"><div class=\"w-image-h\"><img loading=\"lazy\" decoding=\"async\" width=\"1024\" height=\"683\" src=\"https:\/\/orchidee.de\/wp-content\/uploads\/Epidendrum-radicans_02-1024x683.jpg\" class=\"attachment-large size-large\" alt=\"Epidendrum radicans\" srcset=\"https:\/\/orchidee.de\/wp-content\/uploads\/Epidendrum-radicans_02-1024x683.jpg 1024w, https:\/\/orchidee.de\/wp-content\/uploads\/Epidendrum-radicans_02-320x213.jpg 320w, https:\/\/orchidee.de\/wp-content\/uploads\/Epidendrum-radicans_02-391x260.jpg 391w, https:\/\/orchidee.de\/wp-content\/uploads\/Epidendrum-radicans_02-600x400.jpg 600w, https:\/\/orchidee.de\/wp-content\/uploads\/Epidendrum-radicans_02-1536x1024.jpg 1536w, https:\/\/orchidee.de\/wp-content\/uploads\/Epidendrum-radicans_02-640x427.jpg 640w, https:\/\/orchidee.de\/wp-content\/uploads\/Epidendrum-radicans_02-540x360.jpg 540w\" sizes=\"auto, (max-width: 1024px) 100vw, 1024px\" \/><\/div><\/div><div class=\"wpb_text_column us_custom_c7a522c8 has_text_color\"><div class=\"wpb_wrapper\"><p style=\"text-align: center;\">Ein rosafarbener Klon von Epidendrum radicans<br \/>\n(Foto: Thomas Jacob)<\/p>\n<\/div><\/div><\/div><\/div><\/div><\/div><\/section><section class=\"l-section wpb_row height_medium\"><div class=\"l-section-h i-cf\"><div class=\"g-cols vc_row via_grid cols_2 laptops-cols_inherit tablets-cols_inherit mobiles-cols_1 valign_middle type_default reversed stacking_default\"><div class=\"wpb_column vc_column_container\"><div class=\"vc_column-inner\"><div class=\"w-image align_none\"><div class=\"w-image-h\"><img loading=\"lazy\" decoding=\"async\" width=\"682\" height=\"1024\" src=\"https:\/\/orchidee.de\/wp-content\/uploads\/Epidendrum-radicans_03-682x1024.jpg\" class=\"attachment-large size-large\" alt=\"Epidendrum radicans\" srcset=\"https:\/\/orchidee.de\/wp-content\/uploads\/Epidendrum-radicans_03-682x1024.jpg 682w, https:\/\/orchidee.de\/wp-content\/uploads\/Epidendrum-radicans_03-213x320.jpg 213w, https:\/\/orchidee.de\/wp-content\/uploads\/Epidendrum-radicans_03-1024x1536.jpg 1024w, https:\/\/orchidee.de\/wp-content\/uploads\/Epidendrum-radicans_03-427x640.jpg 427w, https:\/\/orchidee.de\/wp-content\/uploads\/Epidendrum-radicans_03-267x400.jpg 267w, https:\/\/orchidee.de\/wp-content\/uploads\/Epidendrum-radicans_03.jpg 1333w\" sizes=\"auto, (max-width: 682px) 100vw, 682px\" \/><\/div><\/div><div class=\"wpb_text_column us_custom_c7a522c8 has_text_color\"><div class=\"wpb_wrapper\"><p style=\"text-align: center;\">Habitus von <em>Epidendrum radicans<\/em><br \/>\n(Foto: Thomas Jacob)<\/p>\n<\/div><\/div><\/div><\/div><div class=\"wpb_column vc_column_container\"><div class=\"vc_column-inner\"><div class=\"wpb_text_column\"><div class=\"wpb_wrapper\"><p>Das Verbreitungsgebiet von <em>Epidendrum radicans<\/em> erstreckt sich von Mexiko bis Kolumbien. Es w\u00e4chst dort epiphytisch und auch litophytisch auf H\u00f6hen von 900 \u2013 2500 Metern \u00fcber dem Meeresspiegel. In dem relativ gro\u00dfen Verbreitungsgebiet findet man wegen der unterschiedlichen H\u00f6henlagen vielf\u00e4ltige Klimabereiche vor. Auf 2500 Metern kann es richtig kalt werden, w\u00e4hrend auf 900 Metern ganzj\u00e4hrig temperierte bis warme Bedingungen vorherrschen. Grunds\u00e4tzlich gibt es auch ganzj\u00e4hrig Niederschlag, wobei an einigen Standorten im Winter deutlich weniger f\u00e4llt als in den Fr\u00fchlings- und Sommermonaten. Das Habitat trocknet aufgrund der hohen Luftfeuchtigkeit allerdings niemals ganz aus. Oft findet man <em>Epidendrum radicans<\/em> in offenen Graslandschaften, an Stra\u00dfenr\u00e4ndern und in lichtdurchfluteten W\u00e4ldern.<\/p>\n<p>Die Pflanzen bilden bis zu 35 cm lange stamm\u00e4hnliche Pseudobulben aus, die wechselst\u00e4ndig von fleischigen, spitz zulaufenden Bl\u00e4ttern besetzt sind. Diese werden bis zu 10 cm lang und sind saftig gr\u00fcn und gl\u00e4nzend. Endst\u00e4ndig entsteht nach Triebabschluss die Infloreszenz mit einer fast kugelrunden Bl\u00fctentraube. Die Bl\u00fctenfarbe variiert von Gelb \u00fcber Orange bis hin zu Rot- und Violettt\u00f6nen. Die nach oben gerichtete Lippe sieht aus wie ein kleiner Engel, der auf den kreisf\u00f6rmig angeordneten Tepalen tanzt.<\/p>\n<\/div><\/div><\/div><\/div><\/div><\/div><\/section><section class=\"l-section wpb_row height_medium\"><div class=\"l-section-h i-cf\"><div class=\"g-cols vc_row via_grid cols_2 laptops-cols_inherit tablets-cols_inherit mobiles-cols_1 valign_middle type_default stacking_default\"><div class=\"wpb_column vc_column_container\"><div class=\"vc_column-inner\"><div class=\"wpb_text_column\"><div class=\"wpb_wrapper\"><p>Vor circa zwei Jahren bekam ich ein kleines Teilst\u00fcck von <em>Epidendrum radicans<\/em>, aus dem inzwischen eine ordentliche Pflanze geworden ist. Da <em>Epidendrum radicans<\/em> am Naturstandort auch lithophytisch zu finden ist, beschloss ich, dieses Teilst\u00fcck mineralisch zu topfen. Um eine st\u00e4ndige Dauerfeuchtigkeit zu erreichen, setzte ich die Pflanze in einen Gie\u00dftopf mit Dochtsystem, der sich immer selbst bew\u00e4ssert und feucht h\u00e4lt. Das Substrat ist ziemlich fein, da auch die Wurzeln recht fein sind. Innerhalb kurzer Zeit bildeten sich zahlreiche neue Wurzeln, die den gesamten Topf durchwurzelten. Wenige Wochen nach dem Einsetzen zeigte sich erstmals ein Neutrieb, der zwar rasch heranwuchs, aber nicht zur Bl\u00fcte kam. Die Infloreszenz trocknete in sehr fr\u00fchem Stadium ein. Da alle weiteren Triebe seitdem gut zur Bl\u00fcte kamen, gehe ich davon aus, dass die Pflanze einfach noch nicht genug Kraft hatte zum Bl\u00fchen. Inzwischen sind 7 Alttriebe und 2 junge Triebe im Topf. Auch werden st\u00e4ndig neue Wurzeln gebildet.<\/p>\n<p>Mein Gie\u00dfwasser, mit dem ich die Wasserreservoire der Gie\u00dft\u00f6pfe f\u00fclle, hat einen Leitwert von 250-350 Mikrosiemens das ganze Jahr \u00fcber. Ganz ehrlich gesagt, bekommt <em>Epidendrum radicans<\/em> gelegentlich sogar Leitungswasser mit 470 Mikrosiemens\/cm. Da der Topf an meinem K\u00fcchenfenster steht, ist die N\u00e4he zum Wasserhahn verf\u00fchrerisch, wenn es mal schnell gehen muss.<\/p>\n<\/div><\/div><\/div><\/div><div class=\"wpb_column vc_column_container\"><div class=\"vc_column-inner\"><div class=\"w-image align_none\"><div class=\"w-image-h\"><img loading=\"lazy\" decoding=\"async\" width=\"1024\" height=\"683\" src=\"https:\/\/orchidee.de\/wp-content\/uploads\/Epidendrum-radicans_04-1024x683.jpg\" class=\"attachment-large size-large\" alt=\"Epidendrum radicans\" srcset=\"https:\/\/orchidee.de\/wp-content\/uploads\/Epidendrum-radicans_04-1024x683.jpg 1024w, https:\/\/orchidee.de\/wp-content\/uploads\/Epidendrum-radicans_04-320x213.jpg 320w, https:\/\/orchidee.de\/wp-content\/uploads\/Epidendrum-radicans_04-391x260.jpg 391w, https:\/\/orchidee.de\/wp-content\/uploads\/Epidendrum-radicans_04-600x400.jpg 600w, https:\/\/orchidee.de\/wp-content\/uploads\/Epidendrum-radicans_04-1536x1024.jpg 1536w, https:\/\/orchidee.de\/wp-content\/uploads\/Epidendrum-radicans_04-640x427.jpg 640w, https:\/\/orchidee.de\/wp-content\/uploads\/Epidendrum-radicans_04-540x360.jpg 540w\" sizes=\"auto, (max-width: 1024px) 100vw, 1024px\" \/><\/div><\/div><div class=\"wpb_text_column us_custom_c7a522c8 has_text_color\"><div class=\"wpb_wrapper\"><p style=\"text-align: center;\">Bl\u00fctentraube von <em>Epidendrum radicans<\/em><br \/>\n(Foto: \u00a0Thomas Jacob)<\/p>\n<\/div><\/div><\/div><\/div><\/div><\/div><\/section><section class=\"l-section wpb_row height_medium\"><div class=\"l-section-h i-cf\"><div class=\"g-cols vc_row via_grid cols_2 laptops-cols_inherit tablets-cols_inherit mobiles-cols_1 valign_middle type_default reversed stacking_default\"><div class=\"wpb_column vc_column_container\"><div class=\"vc_column-inner\"><div class=\"w-image align_none\"><div class=\"w-image-h\"><img loading=\"lazy\" decoding=\"async\" width=\"1024\" height=\"683\" src=\"https:\/\/orchidee.de\/wp-content\/uploads\/Epidendrum-radicans_05-1024x683.jpg\" class=\"attachment-large size-large\" alt=\"Epidendrum radicans\" srcset=\"https:\/\/orchidee.de\/wp-content\/uploads\/Epidendrum-radicans_05-1024x683.jpg 1024w, https:\/\/orchidee.de\/wp-content\/uploads\/Epidendrum-radicans_05-320x213.jpg 320w, https:\/\/orchidee.de\/wp-content\/uploads\/Epidendrum-radicans_05-391x260.jpg 391w, https:\/\/orchidee.de\/wp-content\/uploads\/Epidendrum-radicans_05-600x400.jpg 600w, https:\/\/orchidee.de\/wp-content\/uploads\/Epidendrum-radicans_05-1536x1024.jpg 1536w, https:\/\/orchidee.de\/wp-content\/uploads\/Epidendrum-radicans_05-640x427.jpg 640w, https:\/\/orchidee.de\/wp-content\/uploads\/Epidendrum-radicans_05-540x360.jpg 540w\" sizes=\"auto, (max-width: 1024px) 100vw, 1024px\" \/><\/div><\/div><div class=\"wpb_text_column us_custom_c7a522c8 has_text_color\"><div class=\"wpb_wrapper\"><p style=\"text-align: center;\"><em>Epidendrum radicans<\/em><br \/>\n(Foto: Thomas Jacob)<\/p>\n<\/div><\/div><\/div><\/div><div class=\"wpb_column vc_column_container\"><div class=\"vc_column-inner\"><div class=\"wpb_text_column\"><div class=\"wpb_wrapper\"><p>Das Fenster hat eine Ausrichtung nach Osten. Den gesamten Morgen \u00fcber scheint die Sonne ungehindert auf die Pflanze. Ab Mittags ist es zwar noch immer sehr hell, aber den Rest des Tages ohne direktes Sonnenlicht.<\/p>\n<p>In der K\u00fcche heizen wir im Winter nur sparsam. Die N\u00e4chte k\u00f6nnen an dem Fenster mit 12 \u2013 14 Grad k\u00fchl-temperiert werden. Im Sommer steigen die Temperaturen auch auf \u00fcber 30 Grad an. Durch die unterschiedlichen Standortgegebenheiten in der Natur scheint <em>Epidendrum radicans<\/em> recht anpassungsf\u00e4hig in der Kultur zu sein. Ob es nun etwas w\u00e4rmer oder k\u00fchler steht, scheint keinen Unterschied in W\u00fcchsigkeit oder Bl\u00fchfreude zu machen.<\/p>\n<p>Die gro\u00dfen, leuchtenden Bl\u00fctentrauben sind ein echter Hingucker \u2013 die Kultur im Wohnraum funktioniert ohne Probleme. Eine wirkliche Anf\u00e4nger-Naturform, die viel Freude macht. Viel Erfolg beim Kultivieren!<\/p>\n<\/div><\/div><\/div><\/div><\/div><\/div><\/section>\n","protected":false},"excerpt":{"rendered":"Epidendrum radicans Epidendrum radicans &#8211; Einzelbl\u00fcte (Foto: \u00a0Thomas Jacob) [vc_wp_text] Autor\/in: Thomas Lehmann Ver\u00f6ffentlicht: 02.09.2019 [\/vc_wp_text]In \u201eGenera and Species of Orchidaceous Plants\u201c, The. London, ver\u00f6ffentlichten John LINDLEY und Jos\u00e9 Antonio PAV\u00d3N y Jim\u00e9nez die Erstbeschreibung dieser Art. Der Gattungsname Epidendrum leitet sich aus dem Altgriechischen ab. Epi\u2013 (\u03b5\u03c0\u03b9-) bedeutet so viel wie \u201eauf\u201c, dendron (\u03b4\u03b5\u03bd\u03b4\u03c1\u03bf\u03bd)...","protected":false},"author":10,"featured_media":22376,"comment_status":"closed","ping_status":"open","sticky":false,"template":"","format":"standard","meta":{"footnotes":""},"categories":[209],"tags":[],"class_list":["post-11045","post","type-post","status-publish","format-standard","has-post-thumbnail","hentry","category-orchidee-der-woche"],"_links":{"self":[{"href":"https:\/\/orchidee.de\/en\/wp-json\/wp\/v2\/posts\/11045","targetHints":{"allow":["GET"]}}],"collection":[{"href":"https:\/\/orchidee.de\/en\/wp-json\/wp\/v2\/posts"}],"about":[{"href":"https:\/\/orchidee.de\/en\/wp-json\/wp\/v2\/types\/post"}],"author":[{"embeddable":true,"href":"https:\/\/orchidee.de\/en\/wp-json\/wp\/v2\/users\/10"}],"replies":[{"embeddable":true,"href":"https:\/\/orchidee.de\/en\/wp-json\/wp\/v2\/comments?post=11045"}],"version-history":[{"count":5,"href":"https:\/\/orchidee.de\/en\/wp-json\/wp\/v2\/posts\/11045\/revisions"}],"predecessor-version":[{"id":22378,"href":"https:\/\/orchidee.de\/en\/wp-json\/wp\/v2\/posts\/11045\/revisions\/22378"}],"wp:featuredmedia":[{"embeddable":true,"href":"https:\/\/orchidee.de\/en\/wp-json\/wp\/v2\/media\/22376"}],"wp:attachment":[{"href":"https:\/\/orchidee.de\/en\/wp-json\/wp\/v2\/media?parent=11045"}],"wp:term":[{"taxonomy":"category","embeddable":true,"href":"https:\/\/orchidee.de\/en\/wp-json\/wp\/v2\/categories?post=11045"},{"taxonomy":"post_tag","embeddable":true,"href":"https:\/\/orchidee.de\/en\/wp-json\/wp\/v2\/tags?post=11045"}],"curies":[{"name":"wp","href":"https:\/\/api.w.org\/{rel}","templated":true}]}}